{"id":6855,"date":"2021-07-05T05:05:30","date_gmt":"2021-07-05T05:05:30","guid":{"rendered":"https:\/\/rusticaestates.com\/juzcar\/"},"modified":"2023-07-28T19:53:59","modified_gmt":"2023-07-28T19:53:59","slug":"juzcar","status":"publish","type":"post","link":"https:\/\/rusticaestates.com\/en\/juzcar\/","title":{"rendered":"J\u00fazcar"},"content":{"rendered":"<section class=\"kc-elm kc-css-105486 kc_row\"><div class=\"kc-row-container  kc-container\"><div class=\"kc-wrap-columns\"><div class=\"kc-elm kc-css-932591 kc_col-sm-12 kc_column kc_col-sm-12\"><div class=\"kc-col-container\"><div class=\"kc-elm kc_text_block\"><\/p>\n<style type=\"text\/css\">body.kc-css-system .kc-css-1307497{overflow: hidden;}<\/style>\n<section class=\"kc-elm kc-css-1643599 kc_row\">\n<div class=\"kc-row-container kc-container\">\n<div class=\"kc-wrap-columns\">\n<div class=\"kc-elm kc-css-432538 kc_col-sm-12 kc_column kc_col-sm-12\">\n<div class=\"kc-col-container\">\n<div class=\"kc-elm kc-css-1229779 kc_text_block\">\n<p>Nestled in the Serran\u00eda de Ronda J\u00fazcar, despite its small size, it was known internationally for tourism thanks to the fact that in 2011 it was chosen by the multinational Sony for the world premiere of the film The Smurfs 3D, from that moment on it was catapulted to be one of the most visited towns in Andalusia receiving tourists from almost all parts of the world.<\/p>\n<p>After a local referendum, this small white town became the first Smurf town in the world after painting all 175 houses, the town hall and even the local cemetery blue.<\/p>\n<\/div>\n<div class=\"kc-elm kc-css-1102628 kc_shortcode kc_single_image\">\n<p><img decoding=\"async\" class=\"\" src=\"https:\/\/rusticaestates.com\/wp-content\/uploads\/2021\/07\/Juzcar-Pueblo-Pitufo-Malaga.jpg\" alt=\"\"><\/p>\n<\/div>\n<div class=\"kc-elm kc-css-263205 kc_text_block\">\n<p>Juzcar&#8217;s idyll with the Smurfs ended in 2017 after failing to reach an agreement with the family that owns the copyrights of the famous characters, after which she was forced to withdraw the terminology referring to the Smurfs and became known as the blue village. There are still memories of this time in the town such as the graffiti route and the adventure route with jumps, zip lines and bouldering designed for the enjoyment of the little ones.<\/p>\n<\/div>\n<div class=\"kc-elm kc-css-2429746 kc_shortcode kc_single_image\">\n<p><img decoding=\"async\" class=\"\" src=\"https:\/\/rusticaestates.com\/wp-content\/uploads\/2021\/07\/Juzcar-aldea-azul.jpg\" alt=\"\"><\/p>\n<\/div>\n<div class=\"kc-elm kc-css-4214426 kc_text_block\">\n<p>Traditionally, J\u00fazcar was of great importance in the area thanks to the installation, in 1727, of the first tin factory in Spain: the Royal Tin Factory of San Miguel, which at its peak of splendor had more than 200 employees. Unfortunately, at the end of the 18th century, due to strong competition from the north of the country, the factory went bankrupt and left all the facilities completely abandoned.<\/p>\n<p>Years later, in 2002, restoration work began on all the facilities that housed the factory, this project won an award in 2018 for Intervention in the territory or in the Landscape.<\/p>\n<p>In addition, J\u00fazcar has great charm for hiking lovers as it offers a multitude of hiking routes with a particular charm in a unique environment, among them we highlight the Ruta de los Riscos (circular, 5 km, 2h45min), Ruta de Los Molinos (circular , 1.3 km, 45 min), the El Barranco de la Sima del Diablo route (circular, 1.1 km, 45 min), the Barranco de los Majales route (circular, 2 km, 1h) and the from the Tin Factory (2.5 km, 3h).<\/p>\n<\/div>\n<p><!--Featured Section--><\/p>\n<section class=\"featured-section\">\n<div class=\"auto-container\">\n<p><!--Sec Title--><\/p>\n<div class=\"sec-title centered\">\n<div class=\"title\">Discover our properties in J\u00fazcar<\/div>\n<h2>Properties in J\u00fazcar<\/h2>\n<div class=\"separator\"><\/div>\n<\/div>\n<div class=\"three-item-carousel owl-carousel owl-theme\">\n<p><!--Featured Block--><\/p>\n<div class=\"featured-block\">\n<div class=\"inner-box\">\n<div class=\"image\">\n<p><a href=\"https:\/\/rusticaestates.com\/property\/ref-1-venta-de-parcela-sotogrande\/\"><br \/>\n<img loading=\"lazy\" decoding=\"async\" class=\"img-responsive wp-post-image\" src=\"https:\/\/rusticaestates.com\/wp-content\/uploads\/2021\/06\/Ref.1-8-370x270.jpg?v=1626762323\" alt=\"\" width=\"370\" height=\"270\"> <\/a><\/p>\n<div class=\"sale\">exclusive<\/div>\n<div class=\"price\">\u20ac<span class=\"page-price\">280,000<\/span><\/div>\n<\/div>\n<div class=\"lower-content\">\n<div class=\"upper-box\">\n<div class=\"rating\"><\/div>\n<h3><a href=\"https:\/\/rusticaestates.com\/property\/ref-1-venta-de-parcela-sotogrande\/\">Ref. 001 Venta de parcela en Sotogrande<\/a><\/h3>\n<div class=\"location\">C\u00e1diz, Andaluc\u00eda, Espa\u00f1a.<\/div>\n<div class=\"text\">Parcela urbana de 1377m2 , orientada al sur y totalmente\u2026<\/div>\n<\/div>\n<div class=\"lower-box clearfix\">\n<div class=\"pull-left\"><\/div>\n<\/div>\n<\/div>\n<\/div>\n<\/div>\n<p><!--Featured Block--><\/p>\n<div class=\"featured-block\">\n<div class=\"inner-box\">\n<div class=\"image\">\n<p><a href=\"https:\/\/rusticaestates.com\/property\/ref-2-venta-de-casa-de-pueblo-cortes-de-la-frontera\/\"><br \/>\n<img loading=\"lazy\" decoding=\"async\" class=\"img-responsive wp-post-image\" src=\"https:\/\/rusticaestates.com\/wp-content\/uploads\/2021\/06\/Ref.-2-10-1-370x270.jpg?v=1626763238\" alt=\"\" width=\"370\" height=\"270\"> <\/a><\/p>\n<div class=\"sale\">sale<\/div>\n<div class=\"price\">\u20ac<span class=\"page-price\">45,000<\/span><\/div>\n<\/div>\n<div class=\"lower-content\">\n<div class=\"upper-box\">\n<div class=\"rating\"><\/div>\n<h3><a href=\"https:\/\/rusticaestates.com\/property\/ref-2-venta-de-casa-de-pueblo-cortes-de-la-frontera\/\">Ref. 002 Venta de casa de pueblo, Cortes de la Frontera<\/a><\/h3>\n<div class=\"location\">Valle del Guadiaro, M\u00e1laga, Andaluc\u00eda Espa\u00f1a.<\/div>\n<div class=\"text\">Coqueta casa de pueblo de 42 m2, en perfecto estado,\u2026<\/div>\n<\/div>\n<div class=\"lower-box clearfix\">\n<div class=\"pull-left\">\n<ul>\n<li class=\"bedrooms\">2<\/li>\n<li class=\"bathrooms\">1<\/li>\n<\/ul>\n<\/div>\n<div class=\"pull-right\">\n<ul>\n<li class=\"building-size\">42 m\u00b2<\/li>\n<\/ul>\n<\/div>\n<\/div>\n<\/div>\n<\/div>\n<\/div>\n<p><!--Featured Block--><\/p>\n<div class=\"featured-block\">\n<div class=\"inner-box\">\n<div class=\"image\">\n<p><a href=\"https:\/\/rusticaestates.com\/property\/ref-3-finca-casa-de-campo-cartajima\/\"><br \/>\n<img loading=\"lazy\" decoding=\"async\" class=\"img-responsive wp-post-image\" src=\"https:\/\/rusticaestates.com\/wp-content\/uploads\/2021\/06\/Ref.-003-Piscina-1-370x270.jpg?v=1631188463\" alt=\"\" width=\"370\" height=\"270\"> <\/a><\/p>\n<div class=\"sale\">setsale<\/div>\n<div class=\"price\">\u20ac<span class=\"page-price\">250,000<\/span><\/div>\n<\/div>\n<div class=\"lower-content\">\n<div class=\"upper-box\">\n<div class=\"rating\"><\/div>\n<h3><a href=\"https:\/\/rusticaestates.com\/property\/ref-3-finca-casa-de-campo-cartajima\/\">Ref. 003 Finca con casa de Campo en Cartajima<\/a><\/h3>\n<div class=\"location\">Valle del Genal, Serran\u00eda de Ronda, M\u00e1laga, Andaluc\u00eda<\/div>\n<div class=\"text\">Terreno de\u00a0 15.000 m2 con luz solar,\u00a0 pozo propio y\u2026<\/div>\n<\/div>\n<div class=\"lower-box clearfix\">\n<div class=\"pull-left\">\n<ul>\n<li class=\"bedrooms\">6<\/li>\n<li class=\"bathrooms\">6<\/li>\n<li class=\"parking\">1<\/li>\n<\/ul>\n<\/div>\n<div class=\"pull-right\">\n<ul>\n<li class=\"building-size\">200 m\u00b2<\/li>\n<\/ul>\n<\/div>\n<\/div>\n<\/div>\n<\/div>\n<\/div>\n<p><!--Featured Block--><\/p>\n<div class=\"featured-block\">\n<div class=\"inner-box\">\n<div class=\"image\">\n<p><a href=\"https:\/\/rusticaestates.com\/property\/ref-4-finca-casa-de-campo-genalguacil\/\"><br \/>\n<img loading=\"lazy\" decoding=\"async\" class=\"img-responsive wp-post-image\" src=\"https:\/\/rusticaestates.com\/wp-content\/uploads\/2021\/06\/Ref.-4-6--370x270.jpg?v=1626763810\" alt=\"\" width=\"370\" height=\"270\"> <\/a><\/p>\n<div class=\"sale\">setsale<\/div>\n<div class=\"price\">\u20ac<span class=\"page-price\">120,000<\/span><\/div>\n<\/div>\n<div class=\"lower-content\">\n<div class=\"upper-box\">\n<div class=\"rating\"><\/div>\n<h3><a href=\"https:\/\/rusticaestates.com\/property\/ref-4-finca-casa-de-campo-genalguacil\/\">Ref. 004 Venta de finca con casa de campo en Genalguacil<\/a><\/h3>\n<div class=\"location\">Valle del Genal, Serran\u00eda de Ronda, M\u00e1laga, Andaluc\u00eda, Espa\u00f1a<\/div>\n<div class=\"text\">Finca con casa de campo para reconstruir. La finca tiene\u2026<\/div>\n<\/div>\n<div class=\"lower-box clearfix\">\n<div class=\"pull-left\">\n<ul>\n<li class=\"bedrooms\">1<\/li>\n<\/ul>\n<\/div>\n<div class=\"pull-right\">\n<ul>\n<li class=\"building-size\">30 m\u00b2<\/li>\n<\/ul>\n<\/div>\n<\/div>\n<\/div>\n<\/div>\n<\/div>\n<p><!--Featured Block--><\/p>\n<div class=\"featured-block\">\n<div class=\"inner-box\">\n<div class=\"image\">\n<p><a href=\"https:\/\/rusticaestates.com\/property\/ref-5-venta-de-casa-de-pueblo-gaucin\/\"><br \/>\n<img loading=\"lazy\" decoding=\"async\" class=\"img-responsive wp-post-image\" src=\"https:\/\/rusticaestates.com\/wp-content\/uploads\/2021\/06\/Ref.-5-1--370x270.jpg?v=1626763956\" alt=\"\" width=\"370\" height=\"270\"> <\/a><\/p>\n<div class=\"sale\">setsale<\/div>\n<div class=\"price\">\u20ac<span class=\"page-price\">84,000<\/span><\/div>\n<\/div>\n<div class=\"lower-content\">\n<div class=\"upper-box\">\n<div class=\"rating\"><\/div>\n<h3><a href=\"https:\/\/rusticaestates.com\/property\/ref-5-venta-de-casa-de-pueblo-gaucin\/\">Ref. 005 Venta de casa de pueblo para restaurar en Gaucin<\/a><\/h3>\n<div class=\"location\">Valle del Genal, Serran\u00eda de Ronda, M\u00e1laga, Andaluc\u00eda, Espa\u00f1a<\/div>\n<div class=\"text\">Casa de pueblo de 80 m2 en dos plantas en\u2026<\/div>\n<\/div>\n<div class=\"lower-box clearfix\">\n<div class=\"pull-left\">\n<ul>\n<li class=\"bedrooms\">2<\/li>\n<li class=\"bathrooms\">1<\/li>\n<\/ul>\n<\/div>\n<div class=\"pull-right\">\n<ul>\n<li class=\"building-size\">160 m\u00b2<\/li>\n<\/ul>\n<\/div>\n<\/div>\n<\/div>\n<\/div>\n<\/div>\n<p><!--Featured Block--><\/p>\n<div class=\"featured-block\">\n<div class=\"inner-box\">\n<div class=\"image\">\n<p><a href=\"https:\/\/rusticaestates.com\/property\/ref-6-venta-de-terreno-urbano-en-benarraba\/\"><br \/>\n<img loading=\"lazy\" decoding=\"async\" class=\"img-responsive wp-post-image\" src=\"https:\/\/rusticaestates.com\/wp-content\/uploads\/2021\/06\/Ref.-6-3--370x270.jpg?v=1626764082\" alt=\"\" width=\"370\" height=\"270\"> <\/a><\/p>\n<div class=\"sale\">setsale<\/div>\n<div class=\"price\">\u20ac<span class=\"page-price\">20,000<\/span><\/div>\n<\/div>\n<div class=\"lower-content\">\n<div class=\"upper-box\">\n<div class=\"rating\"><\/div>\n<h3><a href=\"https:\/\/rusticaestates.com\/property\/ref-6-venta-de-terreno-urbano-en-benarraba\/\">Ref. 006 Venta de terreno urbano en Benarrab\u00e1<\/a><\/h3>\n<div class=\"location\">Valle del Genal, M\u00e1laga, Andaluc\u00eda, Espa\u00f1a<\/div>\n<div class=\"text\">Solar urbano de 45 m2 en las afueras del pueblo.\u2026<\/div>\n<\/div>\n<div class=\"lower-box clearfix\">\n<div class=\"pull-left\"><\/div>\n<\/div>\n<\/div>\n<\/div>\n<\/div>\n<p><!--Featured Block--><\/p>\n<div class=\"featured-block\">\n<div class=\"inner-box\">\n<div class=\"image\">\n<p><a href=\"https:\/\/rusticaestates.com\/property\/ref-010-venta-de-finca-casa-de-campo-terrenos-farajan\/\"><br \/>\n<img loading=\"lazy\" decoding=\"async\" class=\"img-responsive wp-post-image\" src=\"https:\/\/rusticaestates.com\/wp-content\/uploads\/2021\/06\/Ref-10-8-370x270.jpg\" alt=\"Venta de propiedades en Andaluc\u00eda\" width=\"370\" height=\"270\" \/> <\/a><\/p>\n<div class=\"sale\">setsale<\/div>\n<div class=\"price\">\u20ac<span class=\"page-price\">500,000<\/span><\/div>\n<\/div>\n<div class=\"lower-content\">\n<div class=\"upper-box\">\n<div class=\"rating\"><\/div>\n<h3><a href=\"https:\/\/rusticaestates.com\/property\/ref-010-venta-de-finca-casa-de-campo-terrenos-farajan\/\">Ref. 010 Venta de finca, casa de campo, terrenos, Faraj\u00e1n<\/a><\/h3>\n<div class=\"location\">Valle del Genal, M\u00e1laga, Andaluc\u00eda, Espa\u00f1a<\/div>\n<div class=\"text\">Ref. 010 Venta de finca, casa de campo, terrenos, Faraj\u00e1n,\u2026<\/div>\n<\/div>\n<div class=\"lower-box clearfix\">\n<div class=\"pull-left\">\n<ul>\n<li class=\"bedrooms\">5<\/li>\n<li class=\"bathrooms\">1<\/li>\n<li class=\"parking\">1<\/li>\n<\/ul>\n<\/div>\n<div class=\"pull-right\">\n<ul>\n<li class=\"building-size\">290 m\u00b2<\/li>\n<\/ul>\n<\/div>\n<\/div>\n<\/div>\n<\/div>\n<\/div>\n<p><!--Featured Block--><\/p>\n<div class=\"featured-block\">\n<div class=\"inner-box\">\n<div class=\"image\">\n<p><a href=\"https:\/\/rusticaestates.com\/property\/ref-11-venta-casa-de-campo-gaucin\/\"><br \/>\n<img loading=\"lazy\" decoding=\"async\" class=\"img-responsive wp-post-image\" src=\"https:\/\/rusticaestates.com\/wp-content\/uploads\/2021\/06\/Ref.-11-1-370x270.jpg\" alt=\"Venta de propiedades en Andaluc\u00eda\" width=\"370\" height=\"270\" \/> <\/a><\/p>\n<div class=\"sale\">setsale<\/div>\n<div class=\"price\">\u20ac<span class=\"page-price\">300,000<\/span><\/div>\n<\/div>\n<div class=\"lower-content\">\n<div class=\"upper-box\">\n<div class=\"rating\"><\/div>\n<h3><a href=\"https:\/\/rusticaestates.com\/property\/ref-11-venta-casa-de-campo-gaucin\/\">Ref. 011 Venta\u00a0 de casa\u00a0 de campo\u00a0 r\u00fastica\u00a0 en Gauc\u00edn<\/a><\/h3>\n<div class=\"location\">Valle del Genal, Serran\u00eda de Ronda, M\u00e1laga, Andaluc\u00eda, Espa\u00f1a<\/div>\n<div class=\"text\">Bonita casa de campo en parcela de\u00a0 10.000 m2 con\u2026<\/div>\n<\/div>\n<div class=\"lower-box clearfix\">\n<div class=\"pull-left\">\n<ul>\n<li class=\"bedrooms\">3<\/li>\n<li class=\"bathrooms\">1<\/li>\n<li class=\"parking\">1<\/li>\n<\/ul>\n<\/div>\n<div class=\"pull-right\">\n<ul>\n<li class=\"building-size\">90 m\u00b2<\/li>\n<\/ul>\n<\/div>\n<\/div>\n<\/div>\n<\/div>\n<\/div>\n<p><!--Featured Block--><\/p>\n<div class=\"featured-block\">\n<div class=\"inner-box\">\n<div class=\"image\">\n<p><a href=\"https:\/\/rusticaestates.com\/property\/ref-12-venta-de-parcela-en-gaucin-valle-del-genal\/\"><br \/>\n<img loading=\"lazy\" decoding=\"async\" class=\"img-responsive wp-post-image\" src=\"https:\/\/rusticaestates.com\/wp-content\/uploads\/2021\/06\/resized_IMG-20210203-WA0052-370x270.jpg?v=1631177690\" alt=\"\" width=\"370\" height=\"270\"> <\/a><\/p>\n<div class=\"sale\">setsale<\/div>\n<div class=\"price\">\u20ac<span class=\"page-price\">84,000<\/span><\/div>\n<\/div>\n<div class=\"lower-content\">\n<div class=\"upper-box\">\n<div class=\"rating\"><\/div>\n<h3><a href=\"https:\/\/rusticaestates.com\/property\/ref-12-venta-de-parcela-en-gaucin-valle-del-genal\/\">Ref. 012\u00a0 Venta de parcela en Gauc\u00edn, Valle del Genal<\/a><\/h3>\n<div class=\"location\">Valle del Genal, Serran\u00eda de Ronda, M\u00e1laga, Andaluc\u00eda, Espa\u00f1a<\/div>\n<div class=\"text\">Parcela r\u00fastica de 13.000 m2 cerca del pueblo de Gauc\u00edn.\u2026<\/div>\n<\/div>\n<div class=\"lower-box clearfix\">\n<div class=\"pull-left\">\n<ul>\n<li class=\"bedrooms\">1<\/li>\n<li class=\"bathrooms\">1<\/li>\n<\/ul>\n<\/div>\n<div class=\"pull-right\">\n<ul>\n<li class=\"building-size\">30 m\u00b2<\/li>\n<\/ul>\n<\/div>\n<\/div>\n<\/div>\n<\/div>\n<\/div>\n<p><!--Featured Block--><\/p>\n<div class=\"featured-block\">\n<div class=\"inner-box\">\n<div class=\"image\">\n<p><a href=\"https:\/\/rusticaestates.com\/property\/ref-13-venta-de-fincas-rusticas-en-el-burgo-sierra-de-las-nieves\/\"><br \/>\n<img loading=\"lazy\" decoding=\"async\" class=\"img-responsive wp-post-image\" src=\"https:\/\/rusticaestates.com\/wp-content\/uploads\/2021\/07\/Ref.-013-Imagen-aerea-3-370x270.jpg?v=1631177289\" alt=\"\" width=\"370\" height=\"270\"> <\/a><\/p>\n<div class=\"sale\">setsale<\/div>\n<div class=\"price\">\u20ac<span class=\"page-price\">70,000<\/span><\/div>\n<\/div>\n<div class=\"lower-content\">\n<div class=\"upper-box\">\n<div class=\"rating\"><\/div>\n<h3><a href=\"https:\/\/rusticaestates.com\/property\/ref-13-venta-de-fincas-rusticas-en-el-burgo-sierra-de-las-nieves\/\">Ref. 013 Venta de Finca Rustica en el Burgo, Sierra de las\u00a0Nieves<\/a><\/h3>\n<div class=\"location\">Sierra de las Nieves, M\u00e1laga, Andaluc\u00eda, Espa\u00f1a.<\/div>\n<div class=\"text\">Parcela de 7.27 hect\u00e1reas\u00a0 de olivos\u00a0 en producci\u00f3n alinda a\u2026<\/div>\n<\/div>\n<div class=\"lower-box clearfix\">\n<div class=\"pull-left\"><\/div>\n<\/div>\n<\/div>\n<\/div>\n<\/div>\n<\/div>\n<\/div>\n<\/section>\n<p><!--End Featured Section--><\/p>\n<\/div>\n<\/div>\n<\/div>\n<\/div>\n<\/section>\n<p>\n<\/div><\/div><\/div><\/div><\/div><\/section>\n","protected":false},"excerpt":{"rendered":"","protected":false},"author":3,"featured_media":6114,"comment_status":"closed","ping_status":"closed","sticky":false,"template":"","format":"standard","meta":{"_joinchat":[],"footnotes":""},"categories":[344],"tags":[350,348],"class_list":["post-6855","post","type-post","status-publish","format-standard","has-post-thumbnail","hentry","category-pueblos-en","tag-serrania-de-ronda-en","tag-valle-del-genal-en"],"_links":{"self":[{"href":"https:\/\/rusticaestates.com\/en\/wp-json\/wp\/v2\/posts\/6855"}],"collection":[{"href":"https:\/\/rusticaestates.com\/en\/wp-json\/wp\/v2\/posts"}],"about":[{"href":"https:\/\/rusticaestates.com\/en\/wp-json\/wp\/v2\/types\/post"}],"author":[{"embeddable":true,"href":"https:\/\/rusticaestates.com\/en\/wp-json\/wp\/v2\/users\/3"}],"replies":[{"embeddable":true,"href":"https:\/\/rusticaestates.com\/en\/wp-json\/wp\/v2\/comments?post=6855"}],"version-history":[{"count":0,"href":"https:\/\/rusticaestates.com\/en\/wp-json\/wp\/v2\/posts\/6855\/revisions"}],"wp:featuredmedia":[{"embeddable":true,"href":"https:\/\/rusticaestates.com\/en\/wp-json\/wp\/v2\/media\/6114"}],"wp:attachment":[{"href":"https:\/\/rusticaestates.com\/en\/wp-json\/wp\/v2\/media?parent=6855"}],"wp:term":[{"taxonomy":"category","embeddable":true,"href":"https:\/\/rusticaestates.com\/en\/wp-json\/wp\/v2\/categories?post=6855"},{"taxonomy":"post_tag","embeddable":true,"href":"https:\/\/rusticaestates.com\/en\/wp-json\/wp\/v2\/tags?post=6855"}],"curies":[{"name":"wp","href":"https:\/\/api.w.org\/{rel}","templated":true}]}}